[{"command":"settings","settings":{"pluralDelimiter":"\u0003","suppressDeprecationErrors":true,"ajaxPageState":{"libraries":"classy\/node,core\/drupal.ajax","theme":"retema_theme","theme_token":null},"ajaxTrustedUrl":[],"field_group":{"fieldset":{"mode":"full","context":"view","settings":{"classes":"info","id":"","description":""}}},"user":{"uid":0,"permissionsHash":"691d9f22bb0dd5cd7cbe1d4609c5826bbbc631392d2737d2b3850e4afb70ad0e"}},"merge":true},{"command":"add_css","data":"\u003Clink rel=\u0022stylesheet\u0022 media=\u0022all\u0022 href=\u0022\/sites\/default\/files\/css\/optimized\/css_Whjr_G34vQrSoJsSvC_zXgge2_ErDvYAZCgvEoaNNlQ.IUYh7tlnnr68wFY11MAaEjZk6cNpEX9-hVD4L18o7QM.css?te9ad7\u0022 \/\u003E\n\u003Clink rel=\u0022stylesheet\u0022 media=\u0022all\u0022 href=\u0022\/sites\/default\/files\/css\/optimized\/css_DhUhRsyeAJ2zmk4YJlyZYc4fumLIIAYDJKJQKI-JUwY.RAE--Iiz-z0UaR_Yju2ur4rFBEJv5TnlYlAsSmsP2B8.css?te9ad7\u0022 \/\u003E\n"},{"command":"add_js","selector":"body","data":[{"src":"\/sites\/default\/files\/js\/optimized\/js_dxIVcwvQ00owLGoUGPTfRYXU-T5rnj8Xi0cXfb3Kn58.pvPw-upLPUjgMXY0G-8O0xUf-_Im1MZjXxxgOcBQBXU.js?v=3.6.3"},{"src":"\/sites\/default\/files\/js\/optimized\/js_a0jm3VdmdpN11V3PY9tIdAn3QqbFdUo-fcBcThQZrr0.Ex0Fwazqn_hBiZ8UUuLirQnGVyJFvuatcTMZmq2p4CQ.js?v=9.5.11"},{"src":"\/sites\/default\/files\/js\/optimized\/js_z3zw0MjIjGT5ptAZFWs1L3eT3GQzwct8T8iaJ2rJ_B8.FVmo1-oY8W5g8OHFR73uty2eRYNLqzUGDBet2XUFk6o.js?v=9.5.11"},{"src":"\/sites\/default\/files\/js\/optimized\/js_HUpcuWgtltnvzZqlrvB1GpqoJIxfOxuQRdw1R0RH11E.GMsQcXNNToUFJR3kLkJG06IW-EMAAvMT8he9CgPzfUg.js?v=9.5.11"},{"src":"\/sites\/default\/files\/js\/optimized\/js_8Sbk5ENJXWdlUyQ6LKkwF1mA8vWSAML09cJDOSzU8mk.5tJbvNGyFxFHEMYdSeGgIOWF6XdkDQSoNswBbBNEWLw.js?v=1.5.1"},{"src":"\/sites\/default\/files\/js\/optimized\/js_spuSOw4GUoe_v9G0xcXTAPWTxyL9gWXenTooQczUqDM.Xxrdry6fWSKu1j2ALyuK_gHFQ-2Bp76ZrR6f3QXI47Y.js?v=4.2.8"},{"src":"\/sites\/default\/files\/js\/optimized\/js_w0iO3No0CsyHgJmryEbhwpkh5zx6m6dhvawBt4ufwyA.HRN_m4FplP890kDvBJQuv0fEgTHDKwrMZA2zBldV1JY.js?v=1.0.1"},{"src":"\/sites\/default\/files\/js\/optimized\/js_a5UiM5riCCx8GQk4IPly81KWzPcsHnVhzndmZfqUaTw.HaeXVMzafCQfVtWoLtN3wzhLWNs8cY2cH9OIQ8R9jfM.js?v=9.5.11"},{"src":"\/sites\/default\/files\/js\/optimized\/js_7YK_oMoPQQ_YHHBrjeIPbfxu2gDiAOn9LRGsSGdo7wc.2BpfGUEdOmO3hUsA8OkXNIl5OVqSaiVPJX4ZZdk5r_U.js?te9ad7"},{"src":"\/sites\/default\/files\/js\/optimized\/js_Hpe5jrMuKXrV4HSTMApXJsNBxraAgcHUrTjxkwWKqy8.KVLzIbbu0N9gmK1tElRosNAvOkjbXFACMXqtXk6w_bM.js?v=9.5.11"},{"src":"\/sites\/default\/files\/js\/optimized\/js_V1oRQ-kJlXBZaEklOtPUe_1t8-l0RS94HJ3gsqxKikc.hn7lqUhhOsl95D56ICJ13HDF_pG0y4-eJTPgPxaw6bs.js?v=9.5.11"},{"src":"\/sites\/default\/files\/js\/optimized\/js_KRjtvzl6UujB23-j_sF6dqOcbqg2z8ej98A8RU9bGsg.aQi1sZwfThCPikVEJ04pNp4EVl_agq456QLS83O9hBo.js?v=9.5.11"},{"src":"\/sites\/default\/files\/js\/optimized\/js_WmhavmnC0K35xZ9vLX51qtRqFT74puvZXIMWnNUYpbM.KBsJd4BsJZlR1sykyhEB3r6KbUBF1UvYBEBSPAzdNsI.js?v=5.3.3"},{"src":"\/sites\/default\/files\/js\/optimized\/js_5lyEgtuYzFbknt789sXbvgY6WOEBhn68zCRaGR5wIJc.nfY2jN5VZK9aJEoVlKdt7FCojtROm6naMl66kd9bTmI.js?v=9.5.11"},{"src":"\/sites\/default\/files\/js\/optimized\/js_wtJSImQ8pFM6pg-FBGbMafc3QuyNiwpKfGZtNQjebpM.Z34xqwhgKwgj--7ZtacsYrPR5jCyiuHxVe8q08lA7go.js?v=9.5.11"},{"src":"\/sites\/default\/files\/js\/optimized\/js_1woVuTYaOTc9db19BvtYERQ-r3zrWbaX8Iy9t_Z2qoM.nnBqb3vFUd32JsFc12wcJRwACYcbaXfKsLO_JTkcvZo.js?v=4.2.0"},{"src":"\/sites\/default\/files\/js\/optimized\/js_qBhNqN32qT_fI9ckz7-wcRxCZaQy-k_oY4794w6QOwk.MrmObcAeFpXR5-DR1FvCMOvGYT3ig4heyOWnC0FCIMg.js?v=9.5.11"},{"src":"\/sites\/default\/files\/js\/optimized\/js_RpLV1j1SEgkAOBNxIxvzKXRlefOlhPa03lpGt46bJEg.G-cemapLHTExlXRj3HJS74e1uN7tzQt8LttxbGzu7IU.js?v=9.5.11"},{"src":"\/sites\/default\/files\/js\/optimized\/js_tg-f19aKzkVeMWC-X-cyQ1NQjjxpIPkQyCogQFGZtYg.pS8o8nD2PjDefvSw6FRmLo2b9EuGwtar2zOHr6MIRVI.js?v=9.5.11"}]},{"command":"insert","method":"replaceWith","selector":"#ajax-field-node-47251-field_en_ponente","data":"\n      \u003Cdiv class=\u0022field field--name-field-en-ponente field--type-entity-reference field--label-hidden field__items\u0022\u003E\n              \u003Cdiv class=\u0022field__item\u0022\u003E\n\n\u003Carticle role=\u0022article\u0022 class=\u0022published node node--type-ponente node--promoted node--view-mode-full\u0022 data-nid=\u002247274\u0022\u003E\n\n  \n      \u003Ch2\u003E\n      \u003Ca href=\u0022\/node\/47274\u0022 rel=\u0022bookmark\u0022\u003E\u003Cspan class=\u0022field field--name-title field--type-string field--label-hidden\u0022\u003EJos\u00e9 Claramonte, Director General de FACSA\u003C\/span\u003E\n\u003C\/a\u003E\n    \u003C\/h2\u003E\n    \n\n  \n  \u003Cdiv class=\u0022node__content\u0022\u003E\n    \n            \u003Cdiv class=\u0022field field--name-field-foto-ponente field--type-image field--label-hidden field__item\u0022\u003E  \u003Cimg loading=\u0022lazy\u0022 src=\u0022\/sites\/default\/files\/styles\/autor_150x150\/public\/2025-07\/jc.jpg?itok=z9Z2bvmm\u0022 width=\u0022150\u0022 height=\u0022150\u0022 alt=\u0022Jos\u00e9 Claramonte\u0022 class=\u0022image-style-autor-150x150\u0022 \/\u003E\n\n\n\u003C\/div\u003E\n      \u003Cfieldset class=\u0022info js-form-item form-item js-form-wrapper form-wrapper\u0022\u003E\n      \u003Clegend\u003E\n    \u003Cspan class=\u0022fieldset-legend\u0022\u003E\u003C\/span\u003E\n  \u003C\/legend\u003E\n  \u003Cdiv class=\u0022fieldset-wrapper\u0022\u003E\n                \n            \u003Cdiv class=\u0022field field--name-field-display-title field--type-string field--label-hidden field__item\u0022\u003E\u003Ch3\u003EJos\u00e9 Claramonte, Director General de FACSA\u003C\/h3\u003E\n\u003C\/div\u003E\n      \n            \u003Cdiv class=\u0022clearfix text-formatted field field--name-body field--type-text-with-summary field--label-hidden field__item\u0022\u003E\u003Cp\u003EJos\u00e9 Claramonte Santarrufina es Director General de FACSA desde 2018, empresa de gesti\u00f3n del ciclo integral del agua de Grupo Gimeno. Ingeniero T\u00e9cnico en Dise\u00f1o Industrial por la Universidad Polit\u00e9cnica de Valencia, cuenta con una amplia trayectoria en el sector h\u00eddrico. Bajo su liderazgo, FACSA ha impulsado proyectos de digitalizaci\u00f3n, eficiencia energ\u00e9tica y valorizaci\u00f3n de residuos, destacando iniciativas como la plataforma Waternology y el desarrollo de plantas de biometano. Adem\u00e1s, ha promovido estudios sectoriales que evidencian la necesidad de una mayor inversi\u00f3n y planificaci\u00f3n en infraestructuras h\u00eddricas, abogando por la creaci\u00f3n de un regulador espec\u00edfico para el sector del agua en Espa\u00f1a.\u003C\/p\u003E\n\u003C!-- notionvc: 6731a21a-643f-464d-b6a3-d232ff8d1e12 --\u003E\n\u003C\/div\u003E\n      \n          \u003C\/div\u003E\n\u003C\/fieldset\u003E\n\n  \u003C\/div\u003E\n\n\u003C\/article\u003E\n\u003C\/div\u003E\n              \u003Cdiv class=\u0022field__item\u0022\u003E\n\n\u003Carticle role=\u0022article\u0022 class=\u0022published node node--type-ponente node--promoted node--view-mode-full\u0022 data-nid=\u002247269\u0022\u003E\n\n  \n      \u003Ch2\u003E\n      \u003Ca href=\u0022\/node\/47269\u0022 rel=\u0022bookmark\u0022\u003E\u003Cspan class=\u0022field field--name-title field--type-string field--label-hidden\u0022\u003EJos\u00e9 Sandoval, Director General de Agua de la Regi\u00f3n de Murcia\u003C\/span\u003E\n\u003C\/a\u003E\n    \u003C\/h2\u003E\n    \n\n  \n  \u003Cdiv class=\u0022node__content\u0022\u003E\n    \n            \u003Cdiv class=\u0022field field--name-field-foto-ponente field--type-image field--label-hidden field__item\u0022\u003E  \u003Cimg loading=\u0022lazy\u0022 src=\u0022\/sites\/default\/files\/styles\/autor_150x150\/public\/2025-07\/js.jpg?itok=TJGj8bzJ\u0022 width=\u0022150\u0022 height=\u0022150\u0022 alt=\u0022Jos\u00e9 Sandoval\u0022 class=\u0022image-style-autor-150x150\u0022 \/\u003E\n\n\n\u003C\/div\u003E\n      \u003Cfieldset class=\u0022info js-form-item form-item js-form-wrapper form-wrapper\u0022\u003E\n      \u003Clegend\u003E\n    \u003Cspan class=\u0022fieldset-legend\u0022\u003E\u003C\/span\u003E\n  \u003C\/legend\u003E\n  \u003Cdiv class=\u0022fieldset-wrapper\u0022\u003E\n                \n            \u003Cdiv class=\u0022field field--name-field-display-title field--type-string field--label-hidden field__item\u0022\u003E\u003Ch3\u003EJos\u00e9 Sandoval, Director General de Agua de la Regi\u00f3n de Murcia\u003C\/h3\u003E\n\u003C\/div\u003E\n      \n            \u003Cdiv class=\u0022clearfix text-formatted field field--name-body field--type-text-with-summary field--label-hidden field__item\u0022\u003E\u003Cp\u003EJos\u00e9 Sandoval Moreno es el actual Director General de Agua de la Regi\u00f3n de Murcia. Ingeniero de Caminos, Canales y Puertos por la Universidad de Granada, cuenta con una amplia trayectoria en el sector h\u00eddrico. Entre 2004 y 2018 desempe\u00f1\u00f3 funciones directivas en empresas privadas de construcci\u00f3n y servicios, donde fue responsable de la gesti\u00f3n t\u00e9cnica y estrat\u00e9gica. Posteriormente, ocup\u00f3 la gerencia de la empresa p\u00fablica Desaladora de Escombreras S.A.U., liderando la producci\u00f3n de recursos h\u00eddricos, la explotaci\u00f3n de infraestructuras y la red de distribuci\u00f3n. Desde 2021 dirige la pol\u00edtica regional en materia de agua, centrada en la planificaci\u00f3n, gesti\u00f3n y sostenibilidad de este recurso esencial.\u003C\/p\u003E\n\u003C!-- notionvc: f5de897f-8250-440b-aaa2-4ff8f16f40f6 --\u003E\n\u003C\/div\u003E\n      \n          \u003C\/div\u003E\n\u003C\/fieldset\u003E\n\n  \u003C\/div\u003E\n\n\u003C\/article\u003E\n\u003C\/div\u003E\n              \u003Cdiv class=\u0022field__item\u0022\u003E\n\n\u003Carticle role=\u0022article\u0022 class=\u0022published node node--type-ponente node--promoted node--view-mode-full\u0022 data-nid=\u002247801\u0022\u003E\n\n  \n      \u003Ch2\u003E\n      \u003Ca href=\u0022\/node\/47801\u0022 rel=\u0022bookmark\u0022\u003E\u003Cspan class=\u0022field field--name-title field--type-string field--label-hidden\u0022\u003EPedro Rodr\u00edguez, vicepresidente de DAQUAS\u003C\/span\u003E\n\u003C\/a\u003E\n    \u003C\/h2\u003E\n    \n\n  \n  \u003Cdiv class=\u0022node__content\u0022\u003E\n    \n            \u003Cdiv class=\u0022field field--name-field-foto-ponente field--type-image field--label-hidden field__item\u0022\u003E  \u003Cimg loading=\u0022lazy\u0022 src=\u0022\/sites\/default\/files\/styles\/autor_150x150\/public\/2025-09\/pr.jpg?itok=RktvhnZ1\u0022 width=\u0022150\u0022 height=\u0022150\u0022 alt=\u0022Pedro Rodr\u00edguez\u0022 class=\u0022image-style-autor-150x150\u0022 \/\u003E\n\n\n\u003C\/div\u003E\n      \u003Cfieldset class=\u0022info js-form-item form-item js-form-wrapper form-wrapper\u0022\u003E\n      \u003Clegend\u003E\n    \u003Cspan class=\u0022fieldset-legend\u0022\u003E\u003C\/span\u003E\n  \u003C\/legend\u003E\n  \u003Cdiv class=\u0022fieldset-wrapper\u0022\u003E\n                \n            \u003Cdiv class=\u0022field field--name-field-display-title field--type-string field--label-hidden field__item\u0022\u003E\u003Ch3\u003EPedro Rodr\u00edguez, vicepresidente de DAQUAS\u003C\/h3\u003E\n\u003C\/div\u003E\n      \n            \u003Cdiv class=\u0022clearfix text-formatted field field--name-body field--type-text-with-summary field--label-hidden field__item\u0022\u003E\u003Cp\u003EPedro Rodr\u00edguez Medina es\u00a0vicepresidente y miembro de la Comisi\u00f3n Ejecutiva y del Consejo de DAQUAS, y Director de Desarrollo Estrat\u00e9gico y Sostenibilidad de Aqualia. Ingeniero de Caminos, Canales y Puertos por la Universidad Polit\u00e9cnica de Madrid. Cuenta con 40 a\u00f1os de experiencia profesional en distintas compa\u00f1\u00edas como Laing, Ghesa, Ullastres, Seragua, Isolux y Aqualia, siempre ligado al sector del agua. Adem\u00e1s, es miembro de AEDyR, IDRA, Patronato de IMDEA Agua, Consejo Nacional del Agua y Cap\u00edtulo Espa\u00f1ol del Club de Roma.\u003C\/p\u003E\n\u003C\/div\u003E\n      \n          \u003C\/div\u003E\n\u003C\/fieldset\u003E\n\n  \u003C\/div\u003E\n\n\u003C\/article\u003E\n\u003C\/div\u003E\n              \u003Cdiv class=\u0022field__item\u0022\u003E\u003Cdiv class=\u0022text-align-center ajax-field-entity-ref\u0022 id=\u0022ajax-field-node-47251-field_en_ponente\u0022\u003E\u003Ca href=\u0022\/ajax_field\/node\/47251\/field_en_ponente\/full\/es\/6\u0022 class=\u0022use-ajax\u0022\u003ECargar m\u00e1s\u003C\/a\u003E\u003C\/div\u003E\n\u003C\/div\u003E\n          \u003C\/div\u003E\n  ","settings":null}]