[{"command":"settings","settings":{"pluralDelimiter":"\u0003","suppressDeprecationErrors":true,"ajaxPageState":{"libraries":"classy\/node,core\/drupal.ajax","theme":"retema_theme","theme_token":null},"ajaxTrustedUrl":[],"field_group":{"fieldset":{"mode":"full","context":"view","settings":{"classes":"info","id":"","description":""}}},"user":{"uid":0,"permissionsHash":"691d9f22bb0dd5cd7cbe1d4609c5826bbbc631392d2737d2b3850e4afb70ad0e"}},"merge":true},{"command":"add_css","data":"\u003Clink rel=\u0022stylesheet\u0022 media=\u0022all\u0022 href=\u0022\/sites\/default\/files\/css\/optimized\/css_Whjr_G34vQrSoJsSvC_zXgge2_ErDvYAZCgvEoaNNlQ.IUYh7tlnnr68wFY11MAaEjZk6cNpEX9-hVD4L18o7QM.css?te9zeg\u0022 \/\u003E\n\u003Clink rel=\u0022stylesheet\u0022 media=\u0022all\u0022 href=\u0022\/sites\/default\/files\/css\/optimized\/css_DhUhRsyeAJ2zmk4YJlyZYc4fumLIIAYDJKJQKI-JUwY.RAE--Iiz-z0UaR_Yju2ur4rFBEJv5TnlYlAsSmsP2B8.css?te9zeg\u0022 \/\u003E\n"},{"command":"add_js","selector":"body","data":[{"src":"\/sites\/default\/files\/js\/optimized\/js_dxIVcwvQ00owLGoUGPTfRYXU-T5rnj8Xi0cXfb3Kn58.pvPw-upLPUjgMXY0G-8O0xUf-_Im1MZjXxxgOcBQBXU.js?v=3.6.3"},{"src":"\/sites\/default\/files\/js\/optimized\/js_a0jm3VdmdpN11V3PY9tIdAn3QqbFdUo-fcBcThQZrr0.Ex0Fwazqn_hBiZ8UUuLirQnGVyJFvuatcTMZmq2p4CQ.js?v=9.5.11"},{"src":"\/sites\/default\/files\/js\/optimized\/js_z3zw0MjIjGT5ptAZFWs1L3eT3GQzwct8T8iaJ2rJ_B8.FVmo1-oY8W5g8OHFR73uty2eRYNLqzUGDBet2XUFk6o.js?v=9.5.11"},{"src":"\/sites\/default\/files\/js\/optimized\/js_HUpcuWgtltnvzZqlrvB1GpqoJIxfOxuQRdw1R0RH11E.GMsQcXNNToUFJR3kLkJG06IW-EMAAvMT8he9CgPzfUg.js?v=9.5.11"},{"src":"\/sites\/default\/files\/js\/optimized\/js_8Sbk5ENJXWdlUyQ6LKkwF1mA8vWSAML09cJDOSzU8mk.5tJbvNGyFxFHEMYdSeGgIOWF6XdkDQSoNswBbBNEWLw.js?v=1.5.1"},{"src":"\/sites\/default\/files\/js\/optimized\/js_spuSOw4GUoe_v9G0xcXTAPWTxyL9gWXenTooQczUqDM.Xxrdry6fWSKu1j2ALyuK_gHFQ-2Bp76ZrR6f3QXI47Y.js?v=4.2.8"},{"src":"\/sites\/default\/files\/js\/optimized\/js_w0iO3No0CsyHgJmryEbhwpkh5zx6m6dhvawBt4ufwyA.HRN_m4FplP890kDvBJQuv0fEgTHDKwrMZA2zBldV1JY.js?v=1.0.1"},{"src":"\/sites\/default\/files\/js\/optimized\/js_a5UiM5riCCx8GQk4IPly81KWzPcsHnVhzndmZfqUaTw.HaeXVMzafCQfVtWoLtN3wzhLWNs8cY2cH9OIQ8R9jfM.js?v=9.5.11"},{"src":"\/sites\/default\/files\/js\/optimized\/js_7YK_oMoPQQ_YHHBrjeIPbfxu2gDiAOn9LRGsSGdo7wc.2BpfGUEdOmO3hUsA8OkXNIl5OVqSaiVPJX4ZZdk5r_U.js?te9zeg"},{"src":"\/sites\/default\/files\/js\/optimized\/js_Hpe5jrMuKXrV4HSTMApXJsNBxraAgcHUrTjxkwWKqy8.KVLzIbbu0N9gmK1tElRosNAvOkjbXFACMXqtXk6w_bM.js?v=9.5.11"},{"src":"\/sites\/default\/files\/js\/optimized\/js_V1oRQ-kJlXBZaEklOtPUe_1t8-l0RS94HJ3gsqxKikc.hn7lqUhhOsl95D56ICJ13HDF_pG0y4-eJTPgPxaw6bs.js?v=9.5.11"},{"src":"\/sites\/default\/files\/js\/optimized\/js_KRjtvzl6UujB23-j_sF6dqOcbqg2z8ej98A8RU9bGsg.aQi1sZwfThCPikVEJ04pNp4EVl_agq456QLS83O9hBo.js?v=9.5.11"},{"src":"\/sites\/default\/files\/js\/optimized\/js_WmhavmnC0K35xZ9vLX51qtRqFT74puvZXIMWnNUYpbM.KBsJd4BsJZlR1sykyhEB3r6KbUBF1UvYBEBSPAzdNsI.js?v=5.3.3"},{"src":"\/sites\/default\/files\/js\/optimized\/js_5lyEgtuYzFbknt789sXbvgY6WOEBhn68zCRaGR5wIJc.nfY2jN5VZK9aJEoVlKdt7FCojtROm6naMl66kd9bTmI.js?v=9.5.11"},{"src":"\/sites\/default\/files\/js\/optimized\/js_wtJSImQ8pFM6pg-FBGbMafc3QuyNiwpKfGZtNQjebpM.Z34xqwhgKwgj--7ZtacsYrPR5jCyiuHxVe8q08lA7go.js?v=9.5.11"},{"src":"\/sites\/default\/files\/js\/optimized\/js_1woVuTYaOTc9db19BvtYERQ-r3zrWbaX8Iy9t_Z2qoM.nnBqb3vFUd32JsFc12wcJRwACYcbaXfKsLO_JTkcvZo.js?v=4.2.0"},{"src":"\/sites\/default\/files\/js\/optimized\/js_qBhNqN32qT_fI9ckz7-wcRxCZaQy-k_oY4794w6QOwk.MrmObcAeFpXR5-DR1FvCMOvGYT3ig4heyOWnC0FCIMg.js?v=9.5.11"},{"src":"\/sites\/default\/files\/js\/optimized\/js_RpLV1j1SEgkAOBNxIxvzKXRlefOlhPa03lpGt46bJEg.G-cemapLHTExlXRj3HJS74e1uN7tzQt8LttxbGzu7IU.js?v=9.5.11"},{"src":"\/sites\/default\/files\/js\/optimized\/js_tg-f19aKzkVeMWC-X-cyQ1NQjjxpIPkQyCogQFGZtYg.pS8o8nD2PjDefvSw6FRmLo2b9EuGwtar2zOHr6MIRVI.js?v=9.5.11"}]},{"command":"insert","method":"replaceWith","selector":"#ajax-field-node-47594-field_en_ponente","data":"\n      \u003Cdiv class=\u0022field field--name-field-en-ponente field--type-entity-reference field--label-hidden field__items\u0022\u003E\n              \u003Cdiv class=\u0022field__item\u0022\u003E\n\n\u003Carticle role=\u0022article\u0022 class=\u0022published node node--type-ponente node--promoted node--view-mode-full\u0022 data-nid=\u002247609\u0022\u003E\n\n  \n      \u003Ch2\u003E\n      \u003Ca href=\u0022\/node\/47609\u0022 rel=\u0022bookmark\u0022\u003E\u003Cspan class=\u0022field field--name-title field--type-string field--label-hidden\u0022\u003EJorge Blanco, director general de Calidad y Educaci\u00f3n Ambiental de la Generalitat Valenciana\u003C\/span\u003E\n\u003C\/a\u003E\n    \u003C\/h2\u003E\n    \n\n  \n  \u003Cdiv class=\u0022node__content\u0022\u003E\n    \n            \u003Cdiv class=\u0022field field--name-field-foto-ponente field--type-image field--label-hidden field__item\u0022\u003E  \u003Cimg loading=\u0022lazy\u0022 src=\u0022\/sites\/default\/files\/styles\/autor_150x150\/public\/2025-09\/jb.jpg?itok=dGTcVYNk\u0022 width=\u0022150\u0022 height=\u0022150\u0022 alt=\u0022Jorge Blanco\u0022 class=\u0022image-style-autor-150x150\u0022 \/\u003E\n\n\n\u003C\/div\u003E\n      \u003Cfieldset class=\u0022info js-form-item form-item js-form-wrapper form-wrapper\u0022\u003E\n      \u003Clegend\u003E\n    \u003Cspan class=\u0022fieldset-legend\u0022\u003E\u003C\/span\u003E\n  \u003C\/legend\u003E\n  \u003Cdiv class=\u0022fieldset-wrapper\u0022\u003E\n                \n            \u003Cdiv class=\u0022field field--name-field-display-title field--type-string field--label-hidden field__item\u0022\u003E\u003Ch3\u003EJorge Blanco, director general de Calidad y Educaci\u00f3n Ambiental de la Generalitat Valenciana\u003C\/h3\u003E\n\u003C\/div\u003E\n      \n            \u003Cdiv class=\u0022clearfix text-formatted field field--name-body field--type-text-with-summary field--label-hidden field__item\u0022\u003E\u003Cp\u003EJorge Blanco Coll es actualmente director general de Calidad y Educaci\u00f3n Ambiental de la Generalitat Valenciana. Como Ingeniero Agr\u00edcola y Ambiental, ha desarrollado gran parte de su carrera profesional trabajando en la gesti\u00f3n de residuos. Anteriormente ha ocupado diferentes puestos en la Diputaci\u00f3n de Alicante o en la empresa p\u00fablica VAERSA.\u003C\/p\u003E\n\u003C\/div\u003E\n      \n          \u003C\/div\u003E\n\u003C\/fieldset\u003E\n\n  \u003C\/div\u003E\n\n\u003C\/article\u003E\n\u003C\/div\u003E\n              \u003Cdiv class=\u0022field__item\u0022\u003E\n\n\u003Carticle role=\u0022article\u0022 class=\u0022published node node--type-ponente node--promoted node--view-mode-full\u0022 data-nid=\u002246101\u0022\u003E\n\n  \n      \u003Ch2\u003E\n      \u003Ca href=\u0022\/node\/46101\u0022 rel=\u0022bookmark\u0022\u003E\u003Cspan class=\u0022field field--name-title field--type-string field--label-hidden\u0022\u003EAna Breta\u00f1a de la Torre, directora General de Medio Ambiente del Gobierno de Navarra\u003C\/span\u003E\n\u003C\/a\u003E\n    \u003C\/h2\u003E\n    \n\n  \n  \u003Cdiv class=\u0022node__content\u0022\u003E\n    \n            \u003Cdiv class=\u0022field field--name-field-foto-ponente field--type-image field--label-hidden field__item\u0022\u003E  \u003Cimg loading=\u0022lazy\u0022 src=\u0022\/sites\/default\/files\/styles\/autor_150x150\/public\/2026-02\/AB.jpg?itok=RYDX1fhj\u0022 width=\u0022150\u0022 height=\u0022150\u0022 alt=\u0022Ana Breta\u00f1a de la Torre\u0022 class=\u0022image-style-autor-150x150\u0022 \/\u003E\n\n\n\u003C\/div\u003E\n      \u003Cfieldset class=\u0022info js-form-item form-item js-form-wrapper form-wrapper\u0022\u003E\n      \u003Clegend\u003E\n    \u003Cspan class=\u0022fieldset-legend\u0022\u003E\u003C\/span\u003E\n  \u003C\/legend\u003E\n  \u003Cdiv class=\u0022fieldset-wrapper\u0022\u003E\n                \n            \u003Cdiv class=\u0022field field--name-field-display-title field--type-string field--label-hidden field__item\u0022\u003E\u003Ch3\u003EAna Breta\u00f1a de la Torre, directora General de Medio Ambiente del Gobierno de Navarra\u003C\/h3\u003E\n\u003C\/div\u003E\n      \n            \u003Cdiv class=\u0022clearfix text-formatted field field--name-body field--type-text-with-summary field--label-hidden field__item\u0022\u003E\u003Cp\u003EAna Breta\u00f1a de la Torre es directora general de Medio Ambiente del Gobierno de Navarra.\u00a0Es arquitecta y especialista en Restauraci\u00f3n y Rehabilitaci\u00f3n por la Universidad de Navarra y cuenta con diversa formaci\u00f3n complementaria en materia de urbanismo, promoci\u00f3n inmobiliaria, regeneraci\u00f3n urbana y gesti\u00f3n de fondos y proyectos europeos por la Universidad P\u00fablica de Navarra, la Universidad Pontificia de Comillas y el Instituto Vasco de Administraci\u00f3n P\u00fablica (IVAP), as\u00ed como ha sido tambi\u00e9n acreditada como Passivhaus Designer.\u00a0En septiembre de 2022 fue nombrada directora general de Vivienda del Departamento de Ordenaci\u00f3n del Territorio, Vivienda, Paisaje y Proyectos Estrat\u00e9gicos. Desde agosto de 2023 ejerce las funciones de directora general de Medio Ambiente.\u003C\/p\u003E\n\u003C\/div\u003E\n      \n          \u003C\/div\u003E\n\u003C\/fieldset\u003E\n\n  \u003C\/div\u003E\n\n\u003C\/article\u003E\n\u003C\/div\u003E\n              \u003Cdiv class=\u0022field__item\u0022\u003E\n\n\u003Carticle role=\u0022article\u0022 class=\u0022published node node--type-ponente node--promoted node--view-mode-full\u0022 data-nid=\u002242887\u0022\u003E\n\n  \n      \u003Ch2\u003E\n      \u003Ca href=\u0022\/node\/42887\u0022 rel=\u0022bookmark\u0022\u003E\u003Cspan class=\u0022field field--name-title field--type-string field--label-hidden\u0022\u003EGonzalo Ca\u00f1ete, consejero delegado de PreZero Espa\u00f1a y Portugal\u003C\/span\u003E\n\u003C\/a\u003E\n    \u003C\/h2\u003E\n    \n\n  \n  \u003Cdiv class=\u0022node__content\u0022\u003E\n    \n            \u003Cdiv class=\u0022field field--name-field-foto-ponente field--type-image field--label-hidden field__item\u0022\u003E  \u003Cimg loading=\u0022lazy\u0022 src=\u0022\/sites\/default\/files\/styles\/autor_150x150\/public\/2025-10\/gcanete_0_0.jpg?itok=RUsjb75g\u0022 width=\u0022150\u0022 height=\u0022150\u0022 alt=\u0022Gonzalo Ca\u00f1ete\u0022 class=\u0022image-style-autor-150x150\u0022 \/\u003E\n\n\n\u003C\/div\u003E\n      \u003Cfieldset class=\u0022info js-form-item form-item js-form-wrapper form-wrapper\u0022\u003E\n      \u003Clegend\u003E\n    \u003Cspan class=\u0022fieldset-legend\u0022\u003E\u003C\/span\u003E\n  \u003C\/legend\u003E\n  \u003Cdiv class=\u0022fieldset-wrapper\u0022\u003E\n                \n            \u003Cdiv class=\u0022field field--name-field-display-title field--type-string field--label-hidden field__item\u0022\u003E\u003Ch3\u003EGonzalo Ca\u00f1ete, consejero delegado de PreZero Espa\u00f1a y Portugal\u003C\/h3\u003E\n\u003C\/div\u003E\n      \n            \u003Cdiv class=\u0022clearfix text-formatted field field--name-body field--type-text-with-summary field--label-hidden field__item\u0022\u003E\u003Cp\u003EGonzalo Ca\u00f1ete es consejero delegado de PreZero Espa\u00f1a y Portugal desde 2021. Trabaj\u00f3 durante 17 a\u00f1os en Grupo Ferrovial. En 2011 fue nombrado director general de FerroNATS. Cinco a\u00f1os despu\u00e9s ocup\u00f3 la vicepresidencia ejecutiva de Ferrovial Servicios Norteam\u00e9rica hasta 2019, momento en que regres\u00f3 a Espa\u00f1a como director regional de Ferrovial Servicios.\u003C\/p\u003E\n\u003C!-- notionvc: ad2e628b-464a-4f6e-b50f-fe7fac4550f5 --\u003E\n\u003C\/div\u003E\n      \n          \u003C\/div\u003E\n\u003C\/fieldset\u003E\n\n  \u003C\/div\u003E\n\n\u003C\/article\u003E\n\u003C\/div\u003E\n              \u003Cdiv class=\u0022field__item\u0022\u003E\u003Cdiv class=\u0022text-align-center ajax-field-entity-ref\u0022 id=\u0022ajax-field-node-47594-field_en_ponente\u0022\u003E\u003Ca href=\u0022\/ajax_field\/node\/47594\/field_en_ponente\/full\/es\/6\u0022 class=\u0022use-ajax\u0022\u003ECargar m\u00e1s\u003C\/a\u003E\u003C\/div\u003E\n\u003C\/div\u003E\n          \u003C\/div\u003E\n  ","settings":null}]