[{"command":"settings","settings":{"pluralDelimiter":"\u0003","suppressDeprecationErrors":true,"ajaxPageState":{"libraries":"classy\/node,core\/drupal.ajax","theme":"retema_theme","theme_token":null},"ajaxTrustedUrl":[],"field_group":{"fieldset":{"mode":"full","context":"view","settings":{"classes":"info","id":"","description":""}}},"user":{"uid":0,"permissionsHash":"691d9f22bb0dd5cd7cbe1d4609c5826bbbc631392d2737d2b3850e4afb70ad0e"}},"merge":true},{"command":"add_css","data":"\u003Clink rel=\u0022stylesheet\u0022 media=\u0022all\u0022 href=\u0022\/sites\/default\/files\/css\/optimized\/css_Whjr_G34vQrSoJsSvC_zXgge2_ErDvYAZCgvEoaNNlQ.IUYh7tlnnr68wFY11MAaEjZk6cNpEX9-hVD4L18o7QM.css?te7w60\u0022 \/\u003E\n\u003Clink rel=\u0022stylesheet\u0022 media=\u0022all\u0022 href=\u0022\/sites\/default\/files\/css\/optimized\/css_DhUhRsyeAJ2zmk4YJlyZYc4fumLIIAYDJKJQKI-JUwY.RAE--Iiz-z0UaR_Yju2ur4rFBEJv5TnlYlAsSmsP2B8.css?te7w60\u0022 \/\u003E\n"},{"command":"add_js","selector":"body","data":[{"src":"\/sites\/default\/files\/js\/optimized\/js_dxIVcwvQ00owLGoUGPTfRYXU-T5rnj8Xi0cXfb3Kn58.pvPw-upLPUjgMXY0G-8O0xUf-_Im1MZjXxxgOcBQBXU.js?v=3.6.3"},{"src":"\/sites\/default\/files\/js\/optimized\/js_a0jm3VdmdpN11V3PY9tIdAn3QqbFdUo-fcBcThQZrr0.Ex0Fwazqn_hBiZ8UUuLirQnGVyJFvuatcTMZmq2p4CQ.js?v=9.5.11"},{"src":"\/sites\/default\/files\/js\/optimized\/js_z3zw0MjIjGT5ptAZFWs1L3eT3GQzwct8T8iaJ2rJ_B8.FVmo1-oY8W5g8OHFR73uty2eRYNLqzUGDBet2XUFk6o.js?v=9.5.11"},{"src":"\/sites\/default\/files\/js\/optimized\/js_HUpcuWgtltnvzZqlrvB1GpqoJIxfOxuQRdw1R0RH11E.GMsQcXNNToUFJR3kLkJG06IW-EMAAvMT8he9CgPzfUg.js?v=9.5.11"},{"src":"\/sites\/default\/files\/js\/optimized\/js_8Sbk5ENJXWdlUyQ6LKkwF1mA8vWSAML09cJDOSzU8mk.5tJbvNGyFxFHEMYdSeGgIOWF6XdkDQSoNswBbBNEWLw.js?v=1.5.1"},{"src":"\/sites\/default\/files\/js\/optimized\/js_spuSOw4GUoe_v9G0xcXTAPWTxyL9gWXenTooQczUqDM.Xxrdry6fWSKu1j2ALyuK_gHFQ-2Bp76ZrR6f3QXI47Y.js?v=4.2.8"},{"src":"\/sites\/default\/files\/js\/optimized\/js_w0iO3No0CsyHgJmryEbhwpkh5zx6m6dhvawBt4ufwyA.HRN_m4FplP890kDvBJQuv0fEgTHDKwrMZA2zBldV1JY.js?v=1.0.1"},{"src":"\/sites\/default\/files\/js\/optimized\/js_a5UiM5riCCx8GQk4IPly81KWzPcsHnVhzndmZfqUaTw.HaeXVMzafCQfVtWoLtN3wzhLWNs8cY2cH9OIQ8R9jfM.js?v=9.5.11"},{"src":"\/sites\/default\/files\/js\/optimized\/js_7YK_oMoPQQ_YHHBrjeIPbfxu2gDiAOn9LRGsSGdo7wc.2BpfGUEdOmO3hUsA8OkXNIl5OVqSaiVPJX4ZZdk5r_U.js?te7w60"},{"src":"\/sites\/default\/files\/js\/optimized\/js_Hpe5jrMuKXrV4HSTMApXJsNBxraAgcHUrTjxkwWKqy8.KVLzIbbu0N9gmK1tElRosNAvOkjbXFACMXqtXk6w_bM.js?v=9.5.11"},{"src":"\/sites\/default\/files\/js\/optimized\/js_V1oRQ-kJlXBZaEklOtPUe_1t8-l0RS94HJ3gsqxKikc.hn7lqUhhOsl95D56ICJ13HDF_pG0y4-eJTPgPxaw6bs.js?v=9.5.11"},{"src":"\/sites\/default\/files\/js\/optimized\/js_KRjtvzl6UujB23-j_sF6dqOcbqg2z8ej98A8RU9bGsg.aQi1sZwfThCPikVEJ04pNp4EVl_agq456QLS83O9hBo.js?v=9.5.11"},{"src":"\/sites\/default\/files\/js\/optimized\/js_WmhavmnC0K35xZ9vLX51qtRqFT74puvZXIMWnNUYpbM.KBsJd4BsJZlR1sykyhEB3r6KbUBF1UvYBEBSPAzdNsI.js?v=5.3.3"},{"src":"\/sites\/default\/files\/js\/optimized\/js_5lyEgtuYzFbknt789sXbvgY6WOEBhn68zCRaGR5wIJc.nfY2jN5VZK9aJEoVlKdt7FCojtROm6naMl66kd9bTmI.js?v=9.5.11"},{"src":"\/sites\/default\/files\/js\/optimized\/js_wtJSImQ8pFM6pg-FBGbMafc3QuyNiwpKfGZtNQjebpM.Z34xqwhgKwgj--7ZtacsYrPR5jCyiuHxVe8q08lA7go.js?v=9.5.11"},{"src":"\/sites\/default\/files\/js\/optimized\/js_1woVuTYaOTc9db19BvtYERQ-r3zrWbaX8Iy9t_Z2qoM.nnBqb3vFUd32JsFc12wcJRwACYcbaXfKsLO_JTkcvZo.js?v=4.2.0"},{"src":"\/sites\/default\/files\/js\/optimized\/js_qBhNqN32qT_fI9ckz7-wcRxCZaQy-k_oY4794w6QOwk.MrmObcAeFpXR5-DR1FvCMOvGYT3ig4heyOWnC0FCIMg.js?v=9.5.11"},{"src":"\/sites\/default\/files\/js\/optimized\/js_RpLV1j1SEgkAOBNxIxvzKXRlefOlhPa03lpGt46bJEg.G-cemapLHTExlXRj3HJS74e1uN7tzQt8LttxbGzu7IU.js?v=9.5.11"},{"src":"\/sites\/default\/files\/js\/optimized\/js_tg-f19aKzkVeMWC-X-cyQ1NQjjxpIPkQyCogQFGZtYg.pS8o8nD2PjDefvSw6FRmLo2b9EuGwtar2zOHr6MIRVI.js?v=9.5.11"}]},{"command":"insert","method":"replaceWith","selector":"#ajax-field-node-48766-field_en_ponente","data":"\n      \u003Cdiv class=\u0022field field--name-field-en-ponente field--type-entity-reference field--label-hidden field__items\u0022\u003E\n              \u003Cdiv class=\u0022field__item\u0022\u003E\n\n\u003Carticle role=\u0022article\u0022 class=\u0022published node node--type-ponente node--promoted node--view-mode-full\u0022 data-nid=\u002242897\u0022\u003E\n\n  \n      \u003Ch2\u003E\n      \u003Ca href=\u0022\/node\/42897\u0022 rel=\u0022bookmark\u0022\u003E\u003Cspan class=\u0022field field--name-title field--type-string field--label-hidden\u0022\u003EJos\u00e9 Mar\u00eda Fern\u00e1ndez Alcal\u00e1, director de Econom\u00eda Circular. Ihobe\u003C\/span\u003E\n\u003C\/a\u003E\n    \u003C\/h2\u003E\n    \n\n  \n  \u003Cdiv class=\u0022node__content\u0022\u003E\n    \n            \u003Cdiv class=\u0022field field--name-field-foto-ponente field--type-image field--label-hidden field__item\u0022\u003E  \u003Cimg loading=\u0022lazy\u0022 src=\u0022\/sites\/default\/files\/styles\/autor_150x150\/public\/2025-03\/jmfernandez.jpg?itok=lN4m1piM\u0022 width=\u0022150\u0022 height=\u0022150\u0022 alt=\u0022Jos\u00e9 Mar\u00eda Fern\u00e1ndez Alcal\u00e1\u0022 class=\u0022image-style-autor-150x150\u0022 \/\u003E\n\n\n\u003C\/div\u003E\n      \u003Cfieldset class=\u0022info js-form-item form-item js-form-wrapper form-wrapper\u0022\u003E\n      \u003Clegend\u003E\n    \u003Cspan class=\u0022fieldset-legend\u0022\u003E\u003C\/span\u003E\n  \u003C\/legend\u003E\n  \u003Cdiv class=\u0022fieldset-wrapper\u0022\u003E\n                \n            \u003Cdiv class=\u0022field field--name-field-display-title field--type-string field--label-hidden field__item\u0022\u003E\u003Ch3\u003EJos\u00e9 Mar\u00eda Fern\u00e1ndez Alcal\u00e1, director de Econom\u00eda Circular. Ihobe\u003C\/h3\u003E\n\u003C\/div\u003E\n      \n            \u003Cdiv class=\u0022clearfix text-formatted field field--name-body field--type-text-with-summary field--label-hidden field__item\u0022\u003E\u003Cp\u003EJose Mar\u00eda Fern\u00e1ndez Alcal\u00e1 es Director de Econom\u00eda Circular en Ihobe, Agencia de Medio Ambiente del Gobierno Vasco y responsable del Basque Ecodesign Center, alianza p\u00fablico-privada en ecodise\u00f1o y econom\u00eda circular de Euskadi. Cuenta con m\u00e1s de 15 a\u00f1os de experiencia profesional en la empresa privada y la administraci\u00f3n p\u00fablica. Ingeniero Industrial mec\u00e1nico por la Escuela Superior de Ingenier\u00eda de Bilbao (Universidad del Pa\u00eds Vasco), est\u00e1 en posesi\u00f3n del Diploma de Estudios Avanzados en el mismo centro por el trabajo \u201cIngenier\u00eda del Dise\u00f1o Ecol\u00f3gico de Productos Industriales\u201d. Autor de numerosas publicaciones en ecodise\u00f1o y an\u00e1lisis de ciclo de vida es tambi\u00e9n miembro de diferentes comit\u00e9s t\u00e9cnicos de la Uni\u00f3n Europea en Bruselas y en comit\u00e9s nacionales e internacionales en materia de dise\u00f1o y normalizaci\u00f3n de producto (comit\u00e9s UNE e ISO).\u003C\/p\u003E\n\u003C\/div\u003E\n      \n          \u003C\/div\u003E\n\u003C\/fieldset\u003E\n\n  \u003C\/div\u003E\n\n\u003C\/article\u003E\n\u003C\/div\u003E\n              \u003Cdiv class=\u0022field__item\u0022\u003E\n\n\u003Carticle role=\u0022article\u0022 class=\u0022published node node--type-ponente node--promoted node--view-mode-full\u0022 data-nid=\u002247604\u0022\u003E\n\n  \n      \u003Ch2\u003E\n      \u003Ca href=\u0022\/node\/47604\u0022 rel=\u0022bookmark\u0022\u003E\u003Cspan class=\u0022field field--name-title field--type-string field--label-hidden\u0022\u003EAlbert Planell, director de la Agencia de Residuos de Catalu\u00f1a\u003C\/span\u003E\n\u003C\/a\u003E\n    \u003C\/h2\u003E\n    \n\n  \n  \u003Cdiv class=\u0022node__content\u0022\u003E\n    \n            \u003Cdiv class=\u0022field field--name-field-foto-ponente field--type-image field--label-hidden field__item\u0022\u003E  \u003Cimg loading=\u0022lazy\u0022 src=\u0022\/sites\/default\/files\/styles\/autor_150x150\/public\/2025-09\/ap.jpg?itok=a9ZT9gx-\u0022 width=\u0022150\u0022 height=\u0022150\u0022 alt=\u0022Albert Planell\u0022 class=\u0022image-style-autor-150x150\u0022 \/\u003E\n\n\n\u003C\/div\u003E\n      \u003Cfieldset class=\u0022info js-form-item form-item js-form-wrapper form-wrapper\u0022\u003E\n      \u003Clegend\u003E\n    \u003Cspan class=\u0022fieldset-legend\u0022\u003E\u003C\/span\u003E\n  \u003C\/legend\u003E\n  \u003Cdiv class=\u0022fieldset-wrapper\u0022\u003E\n                \n            \u003Cdiv class=\u0022field field--name-field-display-title field--type-string field--label-hidden field__item\u0022\u003E\u003Ch3\u003EAlbert Planell, director de la Agencia de Residuos de Catalu\u00f1a\u003C\/h3\u003E\n\u003C\/div\u003E\n      \n            \u003Cdiv class=\u0022clearfix text-formatted field field--name-body field--type-text-with-summary field--label-hidden field__item\u0022\u003E\u003Cp\u003EAlbert Planell es actualmente el director de la Agencia de Residuos de Catalu\u00f1a. Anteriormente,\u00a0desde 2019 y hasta septiembre de 2024, ostent\u00f3 el cargo de gerente del\u00a0Consorci per a la Gesti\u00f3 de Residus del Vall\u00e8s Occidental.\u003C\/p\u003E\n\u003C\/div\u003E\n      \n          \u003C\/div\u003E\n\u003C\/fieldset\u003E\n\n  \u003C\/div\u003E\n\n\u003C\/article\u003E\n\u003C\/div\u003E\n              \u003Cdiv class=\u0022field__item\u0022\u003E\n\n\u003Carticle role=\u0022article\u0022 class=\u0022published node node--type-ponente node--promoted node--view-mode-full\u0022 data-nid=\u002247609\u0022\u003E\n\n  \n      \u003Ch2\u003E\n      \u003Ca href=\u0022\/node\/47609\u0022 rel=\u0022bookmark\u0022\u003E\u003Cspan class=\u0022field field--name-title field--type-string field--label-hidden\u0022\u003EJorge Blanco, director general de Calidad y Educaci\u00f3n Ambiental de la Generalitat Valenciana\u003C\/span\u003E\n\u003C\/a\u003E\n    \u003C\/h2\u003E\n    \n\n  \n  \u003Cdiv class=\u0022node__content\u0022\u003E\n    \n            \u003Cdiv class=\u0022field field--name-field-foto-ponente field--type-image field--label-hidden field__item\u0022\u003E  \u003Cimg loading=\u0022lazy\u0022 src=\u0022\/sites\/default\/files\/styles\/autor_150x150\/public\/2025-09\/jb.jpg?itok=dGTcVYNk\u0022 width=\u0022150\u0022 height=\u0022150\u0022 alt=\u0022Jorge Blanco\u0022 class=\u0022image-style-autor-150x150\u0022 \/\u003E\n\n\n\u003C\/div\u003E\n      \u003Cfieldset class=\u0022info js-form-item form-item js-form-wrapper form-wrapper\u0022\u003E\n      \u003Clegend\u003E\n    \u003Cspan class=\u0022fieldset-legend\u0022\u003E\u003C\/span\u003E\n  \u003C\/legend\u003E\n  \u003Cdiv class=\u0022fieldset-wrapper\u0022\u003E\n                \n            \u003Cdiv class=\u0022field field--name-field-display-title field--type-string field--label-hidden field__item\u0022\u003E\u003Ch3\u003EJorge Blanco, director general de Calidad y Educaci\u00f3n Ambiental de la Generalitat Valenciana\u003C\/h3\u003E\n\u003C\/div\u003E\n      \n            \u003Cdiv class=\u0022clearfix text-formatted field field--name-body field--type-text-with-summary field--label-hidden field__item\u0022\u003E\u003Cp\u003EJorge Blanco Coll es actualmente director general de Calidad y Educaci\u00f3n Ambiental de la Generalitat Valenciana. Como Ingeniero Agr\u00edcola y Ambiental, ha desarrollado gran parte de su carrera profesional trabajando en la gesti\u00f3n de residuos. Anteriormente ha ocupado diferentes puestos en la Diputaci\u00f3n de Alicante o en la empresa p\u00fablica VAERSA.\u003C\/p\u003E\n\u003C\/div\u003E\n      \n          \u003C\/div\u003E\n\u003C\/fieldset\u003E\n\n  \u003C\/div\u003E\n\n\u003C\/article\u003E\n\u003C\/div\u003E\n              \u003Cdiv class=\u0022field__item\u0022\u003E\u003Cdiv class=\u0022text-align-center ajax-field-entity-ref\u0022 id=\u0022ajax-field-node-48766-field_en_ponente\u0022\u003E\u003Ca href=\u0022\/ajax_field\/node\/48766\/field_en_ponente\/full\/es\/6\u0022 class=\u0022use-ajax\u0022\u003ECargar m\u00e1s\u003C\/a\u003E\u003C\/div\u003E\n\u003C\/div\u003E\n          \u003C\/div\u003E\n  ","settings":null}]